{"id":49581,"date":"2016-07-28T16:51:16","date_gmt":"2016-07-28T21:51:16","guid":{"rendered":"https:\/\/themetalden.com\/?p=49581"},"modified":"2016-07-28T16:51:16","modified_gmt":"2016-07-28T21:51:16","slug":"vanhelga-new-album-details-revealed","status":"publish","type":"post","link":"https:\/\/themetalden.com\/?p=49581","title":{"rendered":"VANHELGA &#8211; New Album Details Revealed"},"content":{"rendered":"<p><center><br \/>\n<a href=\"https:\/\/themetalden.com\/?attachment_id=49582\" rel=\"attachment wp-att-49582\"><img loading=\"lazy\" decoding=\"async\" src=\"https:\/\/themetalden.com\/wp-content\/uploads\/vanhelgaalbumjuly-300x300.jpg\" alt=\"vanhelgaalbumjuly\" width=\"300\" height=\"300\" class=\"aligncenter size-medium wp-image-49582\" srcset=\"https:\/\/themetalden.com\/wp-content\/uploads\/vanhelgaalbumjuly-300x300.jpg 300w, https:\/\/themetalden.com\/wp-content\/uploads\/vanhelgaalbumjuly-100x100.jpg 100w, https:\/\/themetalden.com\/wp-content\/uploads\/vanhelgaalbumjuly-150x150.jpg 150w, https:\/\/themetalden.com\/wp-content\/uploads\/vanhelgaalbumjuly.jpg 600w\" sizes=\"auto, (max-width: 300px) 100vw, 300px\" \/><\/a><br \/>\n<img decoding=\"async\" src=\"https:\/\/themetalden.com\/wp-content\/uploads\/TMDDOTCOM-2-300x31.jpg\" alt=\"TMD\" \/><br \/>\n<br \/>\nSweden&#8217;s VANHELGA are set to release their fourth full-length album this fall. Titled Ode &#038; Elegy, the 11-track album will hit the streets via Talheim Records on October 1st. Ode &#038; Elegy will be available in a cross-panel digipak edition, limited to 1,000 copies, while the digital version will be released on October 10th. <\/p>\n<p>Ode &#038; Elegy artwork was created by Gedeminas Kiaun\u00e9 of Manum Diaboli Art.<br \/>\n<br \/>\nTracklisting:<\/p>\n<p>\u201cUtan Mening\u201d<br \/>\n\u201cDet Som Aldrig Fans\u201d<br \/>\n\u201cF\u00f6rst\u00f6rd\u201d<br \/>\n\u201cDu Finns D\u0203r F\u00f6r Mig\u201d<br \/>\n\u201cJag \u00c5terkommer\u201d<br \/>\n\u201cAbstinensens Dystra Tong\u00e5ng\u201d<br \/>\n\u201cD\u00f6df\u00f6rklarad &#8211; \u00c5nstad\u201d<br \/>\n\u201cDisharmoni\u201d<br \/>\n\u201cStatus &#8211; Handlinsf\u00f6rlamad\u201d<br \/>\n\u201cHarmonisk Reflektion\u201d<br \/>\n\u201cIntrospektion\u201d<br \/>\n<br \/>\nSource: BW&#038;BK<br \/>\n<br \/>\n<a href=\"https:\/\/www.facebook.com\/officialvanhelga\/\">https:\/\/www.facebook.com\/officialvanhelga\/<\/a><\/center><\/p>\n","protected":false},"excerpt":{"rendered":"<p>Sweden&#8217;s VANHELGA are set to release their fourth full-length album this fall. Titled Ode &#038;&#8230;<\/p>\n","protected":false},"author":2,"featured_media":0,"comment_status":"open","ping_status":"open","sticky":false,"template":"","format":"standard","meta":{"_coblocks_attr":"","_coblocks_dimensions":"","_coblocks_responsive_height":"","_coblocks_accordion_ie_support":"","_mo_disable_npp":"","footnotes":""},"categories":[1],"tags":[],"class_list":["post-49581","post","type-post","status-publish","format-standard","hentry","category-news"],"_links":{"self":[{"href":"https:\/\/themetalden.com\/index.php?rest_route=\/wp\/v2\/posts\/49581","targetHints":{"allow":["GET"]}}],"collection":[{"href":"https:\/\/themetalden.com\/index.php?rest_route=\/wp\/v2\/posts"}],"about":[{"href":"https:\/\/themetalden.com\/index.php?rest_route=\/wp\/v2\/types\/post"}],"author":[{"embeddable":true,"href":"https:\/\/themetalden.com\/index.php?rest_route=\/wp\/v2\/users\/2"}],"replies":[{"embeddable":true,"href":"https:\/\/themetalden.com\/index.php?rest_route=%2Fwp%2Fv2%2Fcomments&post=49581"}],"version-history":[{"count":0,"href":"https:\/\/themetalden.com\/index.php?rest_route=\/wp\/v2\/posts\/49581\/revisions"}],"wp:attachment":[{"href":"https:\/\/themetalden.com\/index.php?rest_route=%2Fwp%2Fv2%2Fmedia&parent=49581"}],"wp:term":[{"taxonomy":"category","embeddable":true,"href":"https:\/\/themetalden.com\/index.php?rest_route=%2Fwp%2Fv2%2Fcategories&post=49581"},{"taxonomy":"post_tag","embeddable":true,"href":"https:\/\/themetalden.com\/index.php?rest_route=%2Fwp%2Fv2%2Ftags&post=49581"}],"curies":[{"name":"wp","href":"https:\/\/api.w.org\/{rel}","templated":true}]}}