{"id":44067,"date":"2015-06-02T11:46:45","date_gmt":"2015-06-02T16:46:45","guid":{"rendered":"https:\/\/themetalden.com\/?p=44067"},"modified":"2015-06-02T11:46:45","modified_gmt":"2015-06-02T16:46:45","slug":"megadeth-to-perform-at-festival-dete-de-quebec-on-july-18","status":"publish","type":"post","link":"https:\/\/themetalden.com\/?p=44067","title":{"rendered":"MEGADETH &#8211; To Perform At Festival d&#8217;\u00e9t\u00e9 de Qu\u00e9bec On July 18"},"content":{"rendered":"<p><center><br \/>\n<a href=\"https:\/\/themetalden.com\/wp-content\/uploads\/megafestflyer.jpg\"><img loading=\"lazy\" decoding=\"async\" src=\"https:\/\/themetalden.com\/wp-content\/uploads\/megafestflyer-228x300.jpg\" alt=\"megafestflyer\" width=\"228\" height=\"300\" class=\"aligncenter size-medium wp-image-44068\" srcset=\"https:\/\/themetalden.com\/wp-content\/uploads\/megafestflyer-228x300.jpg 228w, https:\/\/themetalden.com\/wp-content\/uploads\/megafestflyer.jpg 403w\" sizes=\"auto, (max-width: 228px) 100vw, 228px\" \/><\/a><br \/>\n<img decoding=\"async\" src=\"http:\/\/i66.photobucket.com\/albums\/h259\/rsid999\/tmdcom.jpg\" alt=\"TMD\" \/><br \/>\n<br \/>\nDen Headz, MEGADETH has confirmed a July 18th show with Chris Adler on drums. The band will be part of the \u2018Festival d\u2019ete de Quebec&#8217;. With Lamb Of God already having a busy summer planned, it remains to be seen how many other shows Adler can fit in with his second band: Megadeth.<br \/>\n<br \/>\nSource: The PRP<br \/>\n<br \/>\n<a href=\"http:\/\/www.megadeth.com\">http:\/\/www.megadeth.com<\/a><\/center><\/p>\n","protected":false},"excerpt":{"rendered":"<p>Den Headz, MEGADETH has confirmed a July 18th show with Chris Adler on drums. The&#8230;<\/p>\n","protected":false},"author":2,"featured_media":0,"comment_status":"open","ping_status":"open","sticky":false,"template":"","format":"standard","meta":{"_coblocks_attr":"","_coblocks_dimensions":"","_coblocks_responsive_height":"","_coblocks_accordion_ie_support":"","_mo_disable_npp":"","footnotes":""},"categories":[1],"tags":[],"class_list":["post-44067","post","type-post","status-publish","format-standard","hentry","category-news"],"_links":{"self":[{"href":"https:\/\/themetalden.com\/index.php?rest_route=\/wp\/v2\/posts\/44067","targetHints":{"allow":["GET"]}}],"collection":[{"href":"https:\/\/themetalden.com\/index.php?rest_route=\/wp\/v2\/posts"}],"about":[{"href":"https:\/\/themetalden.com\/index.php?rest_route=\/wp\/v2\/types\/post"}],"author":[{"embeddable":true,"href":"https:\/\/themetalden.com\/index.php?rest_route=\/wp\/v2\/users\/2"}],"replies":[{"embeddable":true,"href":"https:\/\/themetalden.com\/index.php?rest_route=%2Fwp%2Fv2%2Fcomments&post=44067"}],"version-history":[{"count":0,"href":"https:\/\/themetalden.com\/index.php?rest_route=\/wp\/v2\/posts\/44067\/revisions"}],"wp:attachment":[{"href":"https:\/\/themetalden.com\/index.php?rest_route=%2Fwp%2Fv2%2Fmedia&parent=44067"}],"wp:term":[{"taxonomy":"category","embeddable":true,"href":"https:\/\/themetalden.com\/index.php?rest_route=%2Fwp%2Fv2%2Fcategories&post=44067"},{"taxonomy":"post_tag","embeddable":true,"href":"https:\/\/themetalden.com\/index.php?rest_route=%2Fwp%2Fv2%2Ftags&post=44067"}],"curies":[{"name":"wp","href":"https:\/\/api.w.org\/{rel}","templated":true}]}}