{"id":18982,"date":"2011-03-21T10:05:12","date_gmt":"2011-03-21T15:05:12","guid":{"rendered":"https:\/\/themetalden.com\/?p=18982"},"modified":"2011-03-21T10:07:53","modified_gmt":"2011-03-21T15:07:53","slug":"vader-recording-update-summer-dates","status":"publish","type":"post","link":"https:\/\/themetalden.com\/?p=18982","title":{"rendered":"VADER &#8211; Recording Update, Summer Dates!"},"content":{"rendered":"<p><center><br \/>\n<img decoding=\"async\" src=\"http:\/\/www.vader.pl\/gfx\/nec-d.jpg\" alt=\"tmd\" \/><br \/>\n<img decoding=\"async\" src=\"http:\/\/i66.photobucket.com\/albums\/h259\/rsid999\/tmdcom.jpg\" alt=\"tmd\" \/><br \/>\n<br \/>\nDen Headz, Polish death metal masters VADER are currently in the studio recording their new album. But this doesn&#8217;t hinder them from preparing for summer gigs. VADER will be seen on the series of prestigious festivals within &#8220;Summer Campaign 2011&#8221;, such as Hellfest, Summer Breeze, Festival Metal GDL, Death Fest Open Air, Vlamrock, Metal Hammer Festival, Carnage Tour with SLAYER and MEGADETH or Brutal Assault.<br \/>\n<br \/>\nApart from that, many other smaller festivals and several club concerts are planned.\u2028And it&#8217;s only the first part of the campaign!<br \/>\n<br \/>\nMassive Music proudly presents:\u2028&#8221;Summer Campaign 2011&#8243;\u2028\u2028VADER\u2028&#038; guests\u2028KRISIUN(10.06-26.06)\u2028RESISTANCE (15.06-26.06)<br \/>\nESSENCE (15.06-26.06)<br \/>\n11.04.2011 (POL) \u0141\u00f3d\u017a \/ Atlas Arena (with SLAYER &#038; MEGADETH)<br \/>\n28.05.2011 (HOL) Dokkem \/ Dokk&#8217;em Open Air<br \/>\n10.06.2011 (GER) Gahlen \/ Gahlen Moscht Festival<br \/>\n11.06.2011 (POR) Grandola \/ Festival Metal GDL<br \/>\n13.06.2011 (UK) Liverpool \/ The Masque<br \/>\n14.06.2011 (UK) London \/ The Underworld<br \/>\n15.06.2011 (HOL) Eindhoven \/ Dynamo<br \/>\n16.06.2011 (BEL) Brussels \/ Magasin 4<br \/>\n17.06.2011 (FR) Clisson \/ Hellfest Festival<br \/>\n18.06.2011 (CH) Zurich \/ Dynamo<br \/>\n19.06.2011 (CH) Bulle \/ Ebullition<br \/>\n20.06.2011 (ITA) Bologna \/ Blogos<br \/>\n21.06.2011 (ITA) Gorizia \/ Pieffe Factory<br \/>\n22.06.2011 (GER) Darmstadt \/ Steinbruch Theater<br \/>\n23.06.2011 (HOL) Leiden \/ LVC<br \/>\n24.06.2011 (GER) Osnabruck \/ Bastard<br \/>\n25.06.2011 (GER) Hunxe \/ Death Fest Open Air<br \/>\n26.06.2011 (GER) Aalen \/ Rock It<br \/>\n22.07.2011 (GER) Bertingen \/ R.U.D.E. Festival<br \/>\n23.07.2011 (BEL) As \/ Vlamrock Festival<br \/>\n30.07.2011 (ITA) San Giacomo degli Schiavoni \/ Armageddon In The Park<br \/>\n10.08.2011 (POL) Katowice \/ Metal Hammer Festival<br \/>\n13.08.2011 (CZ) Trutnov \/ Brutal Assault<br \/>\n17.08.2011 (GER) Dinkelsbuhl \/ Summer Breeze<br \/>\n20.08.2011 (POL) Nowy Staw \/ Metal Time Festival<br \/>\n26.08.2011 (ISR) Tel Aviv \/ Sublime\u2028<br \/>\n<br \/>\nMore dates follow soon\u2026<br \/>\n<br \/>\n<a href=\"http:\/\/www.vader.pl\">http:\/\/www.vader.pl<\/a><\/center><\/p>\n","protected":false},"excerpt":{"rendered":"<p>Den Headz, Polish death metal masters VADER are currently in the studio recording their new&#8230;<\/p>\n","protected":false},"author":2,"featured_media":0,"comment_status":"open","ping_status":"open","sticky":false,"template":"","format":"standard","meta":{"_coblocks_attr":"","_coblocks_dimensions":"","_coblocks_responsive_height":"","_coblocks_accordion_ie_support":"","_mo_disable_npp":"","footnotes":""},"categories":[1],"tags":[],"class_list":["post-18982","post","type-post","status-publish","format-standard","hentry","category-news"],"_links":{"self":[{"href":"https:\/\/themetalden.com\/index.php?rest_route=\/wp\/v2\/posts\/18982","targetHints":{"allow":["GET"]}}],"collection":[{"href":"https:\/\/themetalden.com\/index.php?rest_route=\/wp\/v2\/posts"}],"about":[{"href":"https:\/\/themetalden.com\/index.php?rest_route=\/wp\/v2\/types\/post"}],"author":[{"embeddable":true,"href":"https:\/\/themetalden.com\/index.php?rest_route=\/wp\/v2\/users\/2"}],"replies":[{"embeddable":true,"href":"https:\/\/themetalden.com\/index.php?rest_route=%2Fwp%2Fv2%2Fcomments&post=18982"}],"version-history":[{"count":0,"href":"https:\/\/themetalden.com\/index.php?rest_route=\/wp\/v2\/posts\/18982\/revisions"}],"wp:attachment":[{"href":"https:\/\/themetalden.com\/index.php?rest_route=%2Fwp%2Fv2%2Fmedia&parent=18982"}],"wp:term":[{"taxonomy":"category","embeddable":true,"href":"https:\/\/themetalden.com\/index.php?rest_route=%2Fwp%2Fv2%2Fcategories&post=18982"},{"taxonomy":"post_tag","embeddable":true,"href":"https:\/\/themetalden.com\/index.php?rest_route=%2Fwp%2Fv2%2Ftags&post=18982"}],"curies":[{"name":"wp","href":"https:\/\/api.w.org\/{rel}","templated":true}]}}