{"id":117169,"date":"2025-12-02T20:10:25","date_gmt":"2025-12-03T01:10:25","guid":{"rendered":"https:\/\/themetalden.com\/?p=117169"},"modified":"2025-12-02T20:11:16","modified_gmt":"2025-12-03T01:11:16","slug":"exodus-summer-2026-european-tour-dates","status":"publish","type":"post","link":"https:\/\/themetalden.com\/?p=117169","title":{"rendered":"MEGADETH &#8211; Summer 2026 European Tour Dates"},"content":{"rendered":"\n<p class=\"has-text-align-center\">MEGADETH have revealed some European summer headlining dates for their upcoming overseas touring. This run of shows are among the early stops on the band\u2019s farewell touring, which is expected to last around 3 to 5 years before <strong>Dave Mustaine<\/strong> and co. decide to hang it up. Here\u2019s what\u2019s newly been revealed:<\/p>\n\n\n\n<p class=\"has-text-align-center\">06\/07 Gelsenkirchen, GER \u2013 Amphitheater<br \/>06\/11 Luxembourg, LUX \u2013 Rockhal;<br \/>06\/15 Zurich, SWI \u2013 Halle 622<br \/>06\/16 Vienna, AUT \u2013 Gasometer<br \/>06\/23 Istanbul, TUR \u2013 K\u00fc\u00e7\u00fck\u00c7iftlik Park<br \/>06\/28 Almaty, KAZ \u2013 Spartak Stadium<\/p>\n\n\n\n<p class=\"has-text-align-center\">Pre-sales for these new shows will be available tomorrow, December 03rd at 10:00am GMT\/11:00am CET. The general onsale will be up this Friday, December 05th at the same times as mentioned above. Thee stops aren\u2019t the only European shows <strong>Megadeth<\/strong> have mapped out for next summer, with the following stops already booked:<\/p>\n\n\n\n<p class=\"has-text-align-center\">06\/02 Hannover, GER \u2013 Heinz von Heiden Arena (feat. <strong>Iron Maiden<\/strong>)<br \/>06\/06 Masstricht, NET \u2013 South Of Heaven<br \/>06\/10 Hradec Kralove, CZE \u2013 Rock For People<br \/>06\/18 Dessel, BEL \u2013 Graspop Metal Meeting<br \/>06\/20 Clisson, FRA \u2013 Hellfest Open Air<br \/>06\/26 Helsinki, FIN \u2013 Tuska Open Air<\/p>\n\n\n\n<p class=\"has-text-align-center\"><strong>Megadeth<\/strong> will mount this farewell tour on the back of their self-titled final studio album, which they intend to release on January 23rd.<\/p>\n","protected":false},"excerpt":{"rendered":"<p>MEGADETH have revealed some European summer headlining dates for their upcoming overseas touring. This run&#8230;<\/p>\n","protected":false},"author":2,"featured_media":117171,"comment_status":"open","ping_status":"open","sticky":false,"template":"","format":"standard","meta":{"_coblocks_attr":"","_coblocks_dimensions":"","_coblocks_responsive_height":"","_coblocks_accordion_ie_support":"","_mo_disable_npp":"","footnotes":""},"categories":[1],"tags":[],"class_list":["post-117169","post","type-post","status-publish","format-standard","has-post-thumbnail","hentry","category-news"],"_links":{"self":[{"href":"https:\/\/themetalden.com\/index.php?rest_route=\/wp\/v2\/posts\/117169","targetHints":{"allow":["GET"]}}],"collection":[{"href":"https:\/\/themetalden.com\/index.php?rest_route=\/wp\/v2\/posts"}],"about":[{"href":"https:\/\/themetalden.com\/index.php?rest_route=\/wp\/v2\/types\/post"}],"author":[{"embeddable":true,"href":"https:\/\/themetalden.com\/index.php?rest_route=\/wp\/v2\/users\/2"}],"replies":[{"embeddable":true,"href":"https:\/\/themetalden.com\/index.php?rest_route=%2Fwp%2Fv2%2Fcomments&post=117169"}],"version-history":[{"count":4,"href":"https:\/\/themetalden.com\/index.php?rest_route=\/wp\/v2\/posts\/117169\/revisions"}],"predecessor-version":[{"id":117174,"href":"https:\/\/themetalden.com\/index.php?rest_route=\/wp\/v2\/posts\/117169\/revisions\/117174"}],"wp:featuredmedia":[{"embeddable":true,"href":"https:\/\/themetalden.com\/index.php?rest_route=\/wp\/v2\/media\/117171"}],"wp:attachment":[{"href":"https:\/\/themetalden.com\/index.php?rest_route=%2Fwp%2Fv2%2Fmedia&parent=117169"}],"wp:term":[{"taxonomy":"category","embeddable":true,"href":"https:\/\/themetalden.com\/index.php?rest_route=%2Fwp%2Fv2%2Fcategories&post=117169"},{"taxonomy":"post_tag","embeddable":true,"href":"https:\/\/themetalden.com\/index.php?rest_route=%2Fwp%2Fv2%2Ftags&post=117169"}],"curies":[{"name":"wp","href":"https:\/\/api.w.org\/{rel}","templated":true}]}}